{"id":165,"date":"2023-05-10T06:53:22","date_gmt":"2023-05-10T06:53:22","guid":{"rendered":"https:\/\/b-eco.erasmus.site\/?p=165"},"modified":"2023-07-19T10:39:57","modified_gmt":"2023-07-19T10:39:57","slug":"b-eco-start-up-eco-entrepreneurs-project-the-importance-of-eco-entrepreneurship","status":"publish","type":"post","link":"https:\/\/b-eco.erasmus.site\/pt\/2023\/05\/10\/b-eco-start-up-eco-entrepreneurs-project-the-importance-of-eco-entrepreneurship\/","title":{"rendered":"B-ECO Start-up Eco Entrepreneurs Project: a import\u00e2ncia do eco empreendedorismo"},"content":{"rendered":"<p>A pandemia do Covid 19 aumentou o <strong>desemprego em todo o mundo<\/strong> e reduziu as perspetivas de carreira, especialmente para os jovens.<\/p>\n<p>O \u00faltimo relat\u00f3rio da Organiza\u00e7\u00e3o Internacional do Trabalho (OIT) confirma que o Covid-19 <strong>afetou <\/strong>as oportunidades econ\u00f3micas e de emprego dos <strong>jovens<\/strong>. Muitos jovens foram for\u00e7ados a deixar o mercado de trabalho (ou n\u00e3o conseguiam ter acesso), devido aos confinamentos e outras restri\u00e7\u00f5es impostas pelo Covid, enquanto outros n\u00e3o puderam continuar a estudar.<\/p>\n<p>Ao mesmo tempo, o <strong>setor do empreendedorismo<\/strong> tamb\u00e9m foi afetado de forma negativa pela pandemia, e embora necessite de ser refor\u00e7ado, especialmente atrav\u00e9s da oferta de forma\u00e7\u00e3o moderna e inovadora a futuros e potenciais empres\u00e1rios, n\u00e3o podemos esquecer a <strong>luta contra as altera\u00e7\u00f5es clim\u00e1ticas e a polui\u00e7\u00e3o<\/strong>.<\/p>\n<p>Estamos a consumir recursos e a produzir res\u00edduos em propor\u00e7\u00f5es alarmantes: por esta raz\u00e3o, o per\u00edodo de recupera\u00e7\u00e3o tamb\u00e9m deve considerar <strong>a consci\u00eancia ambiental<\/strong>.<\/p>\n<p>Precisamos de come\u00e7ar a pensar em como otimizar o uso dos recursos e regenerar mais do que consumimos, ou seja, <strong>equilibrar o crescimento econ\u00f3mico com a prote\u00e7\u00e3o ambiental<\/strong>.<\/p>\n<p>A transi\u00e7\u00e3o para uma economia verde exige uma nova figura: o <strong>verde e eco empreendedor<\/strong>, focado no desenvolvimento do empreendedorismo ligado \u00e0 sustentabilidade.<\/p>\n<p>Partindo deste contexto, o Projeto Erasmus+ <em>\u201c<strong>B-ECO Start-up Eco Entrepreneurs Project<\/strong>\u201d<\/em> pretende criar uma metodologia inovadora que ir\u00e1 mudar a forma como o empreendedorismo \u00e9 lecionado gra\u00e7as a uma <strong>abordagem verde<\/strong>, e desenvolvimento de uma mentalidade empreendedora direcionada a neg\u00f3cios verdes e sustent\u00e1veis.<\/p>\n<p>Atrav\u00e9s da identifica\u00e7\u00e3o de <strong>m\u00e9todos de aprendizagem inovadores<\/strong>, o Projeto visa melhorar as compet\u00eancias e aptid\u00f5es, no setor eco empreendedor, de formadores de EFP (Ensino e Forma\u00e7\u00e3o Profissionais), jovens empres\u00e1rios, desempregados e start-ups, ensinando-os a tornarem-se <strong>ecoempreendedores<\/strong> e <strong>a criarem econeg\u00f3cios<\/strong>.<\/p>\n<p>O projeto proporcionar\u00e1 <strong>forma\u00e7\u00e3o pr\u00e1tica em gest\u00e3o<\/strong> para formadores de pa\u00edses parceiros focada no eco empreendedorismo, inova\u00e7\u00e3o e gest\u00e3o de eco neg\u00f3cios, assim como uma <strong>plataforma<\/strong> de <strong>e-learning<\/strong> nova e <strong>inovadora<\/strong> orientada para criar um espa\u00e7o \u00fanico de partilha de conhecimentos e experi\u00eancias entre os participantes do curso.<\/p>\n<p>O B-ECO ajudar\u00e1 os jovens e aqueles que querem trabalhar no setor do eco empreendedorismo a aprender o que significa ser um empreendedor, nomeadamente um eco empreendedor, e desenvolver todas as compet\u00eancias e habilidades necess\u00e1rias para se tornarem empreendedores de sucesso no setor eco empreendedorismo.<\/p>\n<p><strong>Refer\u00eancias <\/strong><\/p>\n<p>Organiza\u00e7\u00e3o Internacional do Trabalho, 11 de agosto de 2022, <em>Global Employment Trends for Youth 2022: Investing in transforming futures for young people<\/em>, OIT, Genebra. Dispon\u00edvel em <a href=\"https:\/\/www.ilo.org\/global\/publications\/books\/WCMS_853321\/lang--en\/index.htm\">https:\/\/www.ilo.org\/global\/publications\/books\/WCMS_853321\/lang&#8211;en\/index.htm<\/a><\/p>\n<p>Singh, V., agosto de 2021, <em>&#8220;Green entrepreneurs helping ecology and economy to thrive together&#8221;,<\/em> in <em>IKEA Foundation. <\/em>Dispon\u00edvel em, <a href=\"https:\/\/ikeafoundation.org\/story\/green-entrepreneurs-helping-ecology-and-economy-to-thrive-together\/?fbclid=IwAR2mkeXn0w1DdmipvJg2aXTP0TVNFUOcR00hmOiq_hqhzOF16I35JwJyFDU\">https:\/\/ikeafoundation.org\/story\/green-entrepreneurs-helping-ecology-and-economy-to-thrive-together\/?fbclid=IwAR2mkeXn0w1DdmipvJg2aXTP0TVNFUOcR00hmOiq_hqhzOF16I35JwJyFDU<\/a><\/p>","protected":false},"excerpt":{"rendered":"<p>A pandemia do Covid 19 aumentou o desemprego em todo o mundo e reduziu as perspetivas de carreira, especialmente para&hellip;&nbsp;<\/p>\n","protected":false},"author":1,"featured_media":177,"comment_status":"closed","ping_status":"closed","sticky":false,"template":"","format":"standard","meta":{"neve_meta_sidebar":"","neve_meta_container":"","neve_meta_enable_content_width":"off","neve_meta_content_width":70,"neve_meta_title_alignment":"","neve_meta_author_avatar":"","neve_post_elements_order":"","neve_meta_disable_header":"","neve_meta_disable_footer":"","neve_meta_disable_title":"","footnotes":""},"categories":[9],"tags":[],"class_list":["post-165","post","type-post","status-publish","format-standard","has-post-thumbnail","hentry","category-articles"],"_links":{"self":[{"href":"https:\/\/b-eco.erasmus.site\/pt\/wp-json\/wp\/v2\/posts\/165","targetHints":{"allow":["GET"]}}],"collection":[{"href":"https:\/\/b-eco.erasmus.site\/pt\/wp-json\/wp\/v2\/posts"}],"about":[{"href":"https:\/\/b-eco.erasmus.site\/pt\/wp-json\/wp\/v2\/types\/post"}],"author":[{"embeddable":true,"href":"https:\/\/b-eco.erasmus.site\/pt\/wp-json\/wp\/v2\/users\/1"}],"replies":[{"embeddable":true,"href":"https:\/\/b-eco.erasmus.site\/pt\/wp-json\/wp\/v2\/comments?post=165"}],"version-history":[{"count":3,"href":"https:\/\/b-eco.erasmus.site\/pt\/wp-json\/wp\/v2\/posts\/165\/revisions"}],"predecessor-version":[{"id":235,"href":"https:\/\/b-eco.erasmus.site\/pt\/wp-json\/wp\/v2\/posts\/165\/revisions\/235"}],"wp:featuredmedia":[{"embeddable":true,"href":"https:\/\/b-eco.erasmus.site\/pt\/wp-json\/wp\/v2\/media\/177"}],"wp:attachment":[{"href":"https:\/\/b-eco.erasmus.site\/pt\/wp-json\/wp\/v2\/media?parent=165"}],"wp:term":[{"taxonomy":"category","embeddable":true,"href":"https:\/\/b-eco.erasmus.site\/pt\/wp-json\/wp\/v2\/categories?post=165"},{"taxonomy":"post_tag","embeddable":true,"href":"https:\/\/b-eco.erasmus.site\/pt\/wp-json\/wp\/v2\/tags?post=165"}],"curies":[{"name":"wp","href":"https:\/\/api.w.org\/{rel}","templated":true}]}}