{"id":165,"date":"2023-05-10T06:53:22","date_gmt":"2023-05-10T06:53:22","guid":{"rendered":"https:\/\/b-eco.erasmus.site\/?p=165"},"modified":"2023-07-19T10:39:57","modified_gmt":"2023-07-19T10:39:57","slug":"b-eco-start-up-eco-entrepreneurs-project-the-importance-of-eco-entrepreneurship","status":"publish","type":"post","link":"https:\/\/b-eco.erasmus.site\/pl\/2023\/05\/10\/b-eco-start-up-eco-entrepreneurs-project-the-importance-of-eco-entrepreneurship\/","title":{"rendered":"Projekt B-ECO Start-up Eco Entrepreneurs: znaczenie eko przedsi\u0119biorczo\u015bci"},"content":{"rendered":"<p>Pandemia Covid 19 spowodowa\u0142a <strong>globalny wzrost bezrobocia <\/strong>i zmniejszenie perspektyw zawodowych, zw\u0142aszcza dla m\u0142odych ludzi.<\/p>\n<p>Ostatni raport Mi\u0119dzynarodowej Organizacji Pracy (MOP) potwierdza, \u017ce Covid-19 w <strong>nieproporcjonalny spos\u00f3b wp\u0142yn\u0105\u0142 na <\/strong>mo\u017cliwo\u015bci ekonomiczne i mo\u017cliwo\u015bci zatrudnienia <strong>m\u0142odych ludzi<\/strong>. Wielu m\u0142odych ludzi zosta\u0142o zmuszonych do opuszczenia rynku pracy lub nie mia\u0142o do niego dost\u0119pu ze wzgl\u0119du na zamkni\u0119cia i inne ograniczenia na\u0142o\u017cone przez Covid, podczas gdy inni nie mogli kontynuowa\u0107 nauki.<\/p>\n<p>Jednocze\u015bnie <strong>sektor przedsi\u0119biorczo\u015bci <\/strong>r\u00f3wnie\u017c zosta\u0142 negatywnie dotkni\u0119ty przez pandemi\u0119, ale chocia\u017c nale\u017cy go wzmocni\u0107, zw\u0142aszcza poprzez zapewnienie nowoczesnych i innowacyjnych szkole\u0144 dla przysz\u0142ych i potencjalnych przedsi\u0119biorc\u00f3w, nie mo\u017cemy zapomina\u0107 o <strong>walce ze zmianami klimatu i zanieczyszczeniem \u015brodowiska<\/strong>.<\/p>\n<p>Zu\u017cywamy zasoby i produkujemy odpady w alarmuj\u0105cych proporcjach: z tego powodu okres naprawy powinien uwzgl\u0119dnia\u0107 <strong>r\u00f3wnie\u017c \u015bwiadomo\u015b\u0107 ekologiczn\u0105<\/strong>.<\/p>\n<p>Musimy zacz\u0105\u0107 my\u015ble\u0107 o tym, jak optymalizowa\u0107 wykorzystanie zasob\u00f3w i regenerowa\u0107 wi\u0119cej ni\u017c zu\u017cywamy, <strong>r\u00f3wnowa\u017c\u0105c wzrost gospodarczy z ochron\u0105 \u015brodowiska<\/strong>.<\/p>\n<p>Przej\u015bcie do zielonej gospodarki wymaga nowej postaci: <strong>zielonego i eko-przedsi\u0119biorcy<\/strong>, nastawionego na rozw\u00f3j przedsi\u0119biorczo\u015bci zwi\u0105zanej ze zr\u00f3wnowa\u017conym rozwojem.<\/p>\n<p>Wychodz\u0105c z tego kontekstu, projekt Erasmus Plus &#8222;<strong>B-ECO Start-up Eco Entrepreneurs Project<\/strong>&#8221; zamierza stworzy\u0107 innowacyjn\u0105 metodologi\u0119, kt\u00f3ra zmieni spos\u00f3b nauczania przedsi\u0119biorczo\u015bci dzi\u0119ki zielonemu <strong>podej\u015bciu, <\/strong>rozwijaj\u0105c postaw\u0119 przedsi\u0119biorcz\u0105 w kierunku zielonego i zr\u00f3wnowa\u017conego biznesu.<\/p>\n<p>Poprzez identyfikacj\u0119 <strong>innowacyjnych metod nauczania<\/strong>, Projekt ma na celu podniesienie kompetencji i umiej\u0119tno\u015bci w zakresie eko-przedsi\u0119biorczo\u015bci dla trener\u00f3w VET (Vocational Education and Training), m\u0142odych przedsi\u0119biorc\u00f3w, os\u00f3b bezrobotnych i start-up\u00f3w, ucz\u0105c ich jak <strong>sta\u0107 si\u0119 eko-przedsi\u0119biorcami <\/strong>i <strong>tworzy\u0107 eko-biznesy<\/strong>.<\/p>\n<p>Projekt zapewni <strong>praktyczne szkolenia <\/strong>z zakresu <strong>zarz\u0105dzania <\/strong>dla dostawc\u00f3w szkole\u0144 z kraj\u00f3w partnerskich, skoncentrowane na eko-przedsi\u0119biorczo\u015bci, innowacjach i zarz\u0105dzaniu eko-biznesem, a tak\u017ce now\u0105 i <strong>innowacyjn\u0105 platform\u0119 e-learningow\u0105 <\/strong>zorientowan\u0105 na stworzenie unikalnej przestrzeni do dzielenia si\u0119 wiedz\u0105 i do\u015bwiadczeniami przez uczestnik\u00f3w kurs\u00f3w.<\/p>\n<p>B-ECO pomo\u017ce m\u0142odym ludziom i tym, kt\u00f3rzy chc\u0105 pracowa\u0107 w sektorze eko-przedsi\u0119biorczo\u015bci, nauczy\u0107 si\u0119, co to znaczy by\u0107 przedsi\u0119biorc\u0105, zw\u0142aszcza <strong>eko-przedsi\u0119biorc\u0105, <\/strong>poprzez rozwijanie wszystkich kompetencji i umiej\u0119tno\u015bci potrzebnych do tego, by sta\u0107 si\u0119 skutecznymi przedsi\u0119biorcami w sektorze eko-przedsi\u0119biorczo\u015bci.<\/p>\n<p><strong>Referencje <\/strong><\/p>\n<p>Mi\u0119dzynarodowa Organizacja Pracy, 11 sierpnia 2022, <em>Global Employment Trends for Youth 2022: Investing in transforming futures for young people, <\/em>ILO, Genewa, <a href=\"https:\/\/www.ilo.org\/global\/publications\/books\/WCMS_853321\/lang--en\/index.htm\">https:\/\/www.ilo.org\/global\/publications\/books\/WCMS_853321\/lang&#8211;en\/index.htm<\/a><\/p>\n<p>Singh, V., sierpie\u0144 2021, &#8222;Green entrepreneurs helping ecology and economy to thrive together&#8221;, w <em>IKEA Foundation<\/em>, <a href=\"https:\/\/ikeafoundation.org\/story\/green-entrepreneurs-helping-ecology-and-economy-to-thrive-together\/?fbclid=IwAR2mkeXn0w1DdmipvJg2aXTP0TVNFUOcR00hmOiq_hqhzOF16I35JwJyFDU\">https:\/\/ikeafoundation.org\/story\/green-entrepreneurs-helping-ecology-and-economy-to-thrive-together\/?fbclid=IwAR2mkeXn0w1DdmipvJg2aXTP0TVNFUOcR00hmOiq_hqhzOF16I35JwJyFDU<\/a><\/p>","protected":false},"excerpt":{"rendered":"<p>Pandemia Covid 19 spowodowa\u0142a globalny wzrost bezrobocia i zmniejszenie perspektyw zawodowych, zw\u0142aszcza dla m\u0142odych ludzi. Ostatni raport Mi\u0119dzynarodowej Organizacji Pracy&hellip;&nbsp;<\/p>\n","protected":false},"author":1,"featured_media":177,"comment_status":"closed","ping_status":"closed","sticky":false,"template":"","format":"standard","meta":{"neve_meta_sidebar":"","neve_meta_container":"","neve_meta_enable_content_width":"off","neve_meta_content_width":70,"neve_meta_title_alignment":"","neve_meta_author_avatar":"","neve_post_elements_order":"","neve_meta_disable_header":"","neve_meta_disable_footer":"","neve_meta_disable_title":"","footnotes":""},"categories":[9],"tags":[],"class_list":["post-165","post","type-post","status-publish","format-standard","has-post-thumbnail","hentry","category-articles"],"_links":{"self":[{"href":"https:\/\/b-eco.erasmus.site\/pl\/wp-json\/wp\/v2\/posts\/165","targetHints":{"allow":["GET"]}}],"collection":[{"href":"https:\/\/b-eco.erasmus.site\/pl\/wp-json\/wp\/v2\/posts"}],"about":[{"href":"https:\/\/b-eco.erasmus.site\/pl\/wp-json\/wp\/v2\/types\/post"}],"author":[{"embeddable":true,"href":"https:\/\/b-eco.erasmus.site\/pl\/wp-json\/wp\/v2\/users\/1"}],"replies":[{"embeddable":true,"href":"https:\/\/b-eco.erasmus.site\/pl\/wp-json\/wp\/v2\/comments?post=165"}],"version-history":[{"count":3,"href":"https:\/\/b-eco.erasmus.site\/pl\/wp-json\/wp\/v2\/posts\/165\/revisions"}],"predecessor-version":[{"id":235,"href":"https:\/\/b-eco.erasmus.site\/pl\/wp-json\/wp\/v2\/posts\/165\/revisions\/235"}],"wp:featuredmedia":[{"embeddable":true,"href":"https:\/\/b-eco.erasmus.site\/pl\/wp-json\/wp\/v2\/media\/177"}],"wp:attachment":[{"href":"https:\/\/b-eco.erasmus.site\/pl\/wp-json\/wp\/v2\/media?parent=165"}],"wp:term":[{"taxonomy":"category","embeddable":true,"href":"https:\/\/b-eco.erasmus.site\/pl\/wp-json\/wp\/v2\/categories?post=165"},{"taxonomy":"post_tag","embeddable":true,"href":"https:\/\/b-eco.erasmus.site\/pl\/wp-json\/wp\/v2\/tags?post=165"}],"curies":[{"name":"wp","href":"https:\/\/api.w.org\/{rel}","templated":true}]}}